{"id":9131,"date":"2026-08-26T14:54:46","date_gmt":"2026-08-26T12:54:46","guid":{"rendered":"https:\/\/docteurvairinho.fr\/?p=9131"},"modified":"2026-08-26T15:11:28","modified_gmt":"2026-08-26T13:11:28","slug":"gen-z-chirurgie-esthetique","status":"publish","type":"post","link":"https:\/\/docteurvairinho.fr\/en\/gen-z-chirurgie-esthetique\/","title":{"rendered":"La g\u00e9n\u00e9ration Z et la chirurgie esth\u00e9tique : une relation d\u00e9complex\u00e9e mais pas sans risques"},"content":{"rendered":"<div data-elementor-type=\"wp-post\" data-elementor-id=\"9131\" class=\"elementor elementor-9131\" data-elementor-post-type=\"post\">\n\t\t\t\t\t\t<section class=\"elementor-section elementor-top-section elementor-element elementor-element-4955f319 elementor-section-boxed elementor-section-height-default elementor-section-height-default\" data-id=\"4955f319\" data-element_type=\"section\" data-e-type=\"section\">\n\t\t\t\t\t\t<div class=\"elementor-container elementor-column-gap-default\">\n\t\t\t\t\t<div class=\"elementor-column elementor-col-100 elementor-top-column elementor-element elementor-element-619ae7c7\" data-id=\"619ae7c7\" data-element_type=\"column\" data-e-type=\"column\">\n\t\t\t<div class=\"elementor-widget-wrap elementor-element-populated\">\n\t\t\t\t\t\t<div class=\"elementor-element elementor-element-77147e08 elementor-widget elementor-widget-text-editor\" data-id=\"77147e08\" data-element_type=\"widget\" data-e-type=\"widget\" data-widget_type=\"text-editor.default\">\n\t\t\t\t<div class=\"elementor-widget-container\">\n\t\t\t\t\t\t\t\t\t<p><strong>Les 18-27 ans consultent aujourd&rsquo;hui plus t\u00f4t et parlent de chirurgie esth\u00e9tique sans tabou. Cette libert\u00e9 est une \u00e9volution positive, \u00e0 condition qu&rsquo;elle s&rsquo;accompagne d&rsquo;un cadre m\u00e9dical rigoureux, d&rsquo;un temps de r\u00e9flexion r\u00e9el et d&rsquo;une capacit\u00e9, pour le praticien, \u00e0 savoir dire non.<\/strong><\/p><p>En consultation, le changement est net. Une demande sur plusieurs \u00e9mane d\u00e9sormais de patients tr\u00e8s jeunes, inform\u00e9s, parfois mieux document\u00e9s sur une technique que sur ses suites. Ils arrivent avec des r\u00e9f\u00e9rences pr\u00e9cises, des vid\u00e9os, parfois des photographies retouch\u00e9es. Ils posent des questions directes. Cette \u00e9volution m\u00e9rite d&rsquo;\u00eatre regard\u00e9e avec attention, sans jugement ni complaisance.<\/p><p>Cet article propose des rep\u00e8res : ce qui motive ces demandes, ce que dit la loi fran\u00e7aise, quelles interventions sont r\u00e9ellement en cause, et quels signaux doivent conduire \u00e0 diff\u00e9rer plut\u00f4t qu&rsquo;\u00e0 op\u00e9rer.<\/p><h2><strong>Une g\u00e9n\u00e9ration qui a d\u00e9sacralis\u00e9 la chirurgie esth\u00e9tique<\/strong><\/h2><p>Pour la g\u00e9n\u00e9ration Z, la chirurgie esth\u00e9tique n&rsquo;est plus un sujet honteux. Elle se discute ouvertement, s&rsquo;affiche parfois, et se compare comme n&rsquo;importe quelle d\u00e9cision de sant\u00e9. Ce basculement culturel s&rsquo;explique par trois facteurs convergents.<\/p><h3><strong>La transparence des r\u00e9seaux sociaux<\/strong><\/h3><p>Les r\u00e9cits de parcours, les journaux de convalescence et les contenus p\u00e9dagogiques ont rendu visible ce qui \u00e9tait autrefois dissimul\u00e9. Cette exposition a un m\u00e9rite r\u00e9el : elle informe, elle d\u00e9dramatise et elle r\u00e9duit la culpabilit\u00e9. Elle comporte aussi un biais majeur, celui de la s\u00e9lection. On montre les suites simples, rarement les complications, presque jamais les regrets.<\/p><h3><strong>L&rsquo;habitude de l&rsquo;image retouch\u00e9e<\/strong><\/h3><p>Une g\u00e9n\u00e9ration qui se voit quotidiennement \u00e0 travers des filtres d\u00e9veloppe un rapport particulier \u00e0 son propre visage. Le point de comparaison n&rsquo;est plus une autre personne, mais une version modifi\u00e9e de soi-m\u00eame. Ce ph\u00e9nom\u00e8ne, d\u00e9crit dans la litt\u00e9rature m\u00e9dicale comme une dysmorphophobie induite par les applications, modifie profond\u00e9ment la nature de la demande.<\/p><h3><strong>Un acc\u00e8s \u00e0 l&rsquo;information sans hi\u00e9rarchie<\/strong><\/h3><p>Un contenu produit par un chirurgien qualifi\u00e9 et un contenu publi\u00e9 par un cr\u00e9ateur r\u00e9mun\u00e9r\u00e9 apparaissent c\u00f4te \u00e0 c\u00f4te, avec la m\u00eame mise en forme. Distinguer une information m\u00e9dicale valid\u00e9e d&rsquo;un discours promotionnel demande un effort que rien, dans l&rsquo;interface, n&rsquo;encourage.<\/p><h2><strong>Quelles demandes reviennent le plus chez les jeunes adultes ?<\/strong><\/h2><p>Les motifs de consultation des 18-27 ans diff\u00e8rent sensiblement de ceux des patients plus \u00e2g\u00e9s. Ils concernent majoritairement le visage et la silhouette, rarement le vieillissement.<\/p><ul><li>La rhinoplastie, premi\u00e8re demande de cette tranche d&rsquo;\u00e2ge, souvent pour une bosse dorsale ou une d\u00e9viation, parfois associ\u00e9e \u00e0 une g\u00eane respiratoire qui justifie un bilan fonctionnel.<\/li><li>L&rsquo;otoplastie, correction des oreilles d\u00e9coll\u00e9es, qui peut se pratiquer d\u00e8s l&rsquo;enfance et rel\u00e8ve d&rsquo;une indication g\u00e9n\u00e9ralement bien \u00e9tablie.<\/li><li>La m\u00e9decine esth\u00e9tique injectable, principalement l&rsquo;acide hyaluronique, dont la banalisation apparente ne doit pas faire oublier qu&rsquo;il s&rsquo;agit d&rsquo;un acte m\u00e9dical avec des complications possibles.<\/li><li>La chirurgie mammaire, augmentation ou r\u00e9duction, cette derni\u00e8re ayant fr\u00e9quemment une dimension fonctionnelle document\u00e9e : douleurs rachidiennes, g\u00eane \u00e0 l&rsquo;activit\u00e9 physique.<\/li><li>La bichectomie, ablation des boules de Bichat, tr\u00e8s relay\u00e9e sur les r\u00e9seaux et dont les effets \u00e0 long terme sur le vieillissement du visage doivent \u00eatre expos\u00e9s sans d\u00e9tour.<\/li><li>La gyn\u00e9comastie chez l&rsquo;homme jeune, source d&rsquo;une g\u00eane souvent importante et rarement verbalis\u00e9e.<\/li><\/ul><p>Certaines de ces demandes sont parfaitement l\u00e9gitimes et donnent lieu \u00e0 des interventions bien codifi\u00e9es. D&rsquo;autres reposent sur une tendance passag\u00e8re, ce qui appelle une discussion approfondie sur la r\u00e9versibilit\u00e9 et sur l&rsquo;\u00e9volution du visage avec les ann\u00e9es.<\/p><h3><strong>Le cas particulier des tendances virales<\/strong><\/h3><p>Une intervention qui devient virale change de nature. Elle cesse d&rsquo;\u00eatre une r\u00e9ponse \u00e0 une g\u00eane personnelle pour devenir un code esth\u00e9tique partag\u00e9. Le risque, dans ces situations, est double : une demande qui ne correspond pas \u00e0 l&rsquo;anatomie du patient, et un r\u00e9sultat qui se d\u00e9modera plus vite que la structure op\u00e9r\u00e9e ne se modifiera.<\/p><p>Retirer des boules de Bichat en creuse durablement les joues. \u00c0 vingt ans, cette perte de volume peut affiner le visage. \u00c0 quarante ans, le visage se creusant naturellement, l&rsquo;effet peut devenir moins favorable. Cette information doit \u00eatre donn\u00e9e avant l&rsquo;intervention, pas apr\u00e8s.<\/p><h2><strong>Les risques sp\u00e9cifiques \u00e0 cet \u00e2ge<\/strong><\/h2><h3><strong>La demande construite sur une image modifi\u00e9e<\/strong><\/h3><p>Lorsqu&rsquo;un patient pr\u00e9sente une photographie retouch\u00e9e comme objectif, le premier travail n&rsquo;est pas chirurgical. Il consiste \u00e0 ramener la discussion sur une anatomie r\u00e9elle, avec ses proportions, son \u00e9paisseur cutan\u00e9e et ses contraintes. Un chirurgien ne reproduit pas un filtre : il modifie une structure vivante, dans des limites d\u00e9finies.<\/p><h3><strong>Le trouble dysmorphique corporel<\/strong><\/h3><p>Ce trouble se caract\u00e9rise par une pr\u00e9occupation excessive pour un d\u00e9faut minime ou non perceptible par l&rsquo;entourage. Il est plus fr\u00e9quent chez les patients jeunes demandeurs de chirurgie esth\u00e9tique. Op\u00e9rer ne le soulage pas : la pr\u00e9occupation se d\u00e9place g\u00e9n\u00e9ralement vers une autre zone. Rep\u00e9rer cette situation et proposer un avis psychologique fait partie int\u00e9grante du travail m\u00e9dical.<\/p><h3><strong>Le tourisme m\u00e9dical \u00e0 bas co\u00fbt<\/strong><\/h3><p>La diff\u00e9rence de prix affich\u00e9e \u00e0 l&rsquo;\u00e9tranger attire particuli\u00e8rement les patients jeunes, dont le budget est contraint. Les difficult\u00e9s surviennent apr\u00e8s : suivi post-op\u00e9ratoire inexistant, absence de recours en cas de complication, reprises chirurgicales complexes et co\u00fbteuses, dossier m\u00e9dical inaccessible. Le co\u00fbt r\u00e9el d&rsquo;une complication d\u00e9passe largement l&rsquo;\u00e9conomie initiale.<\/p><h3><strong>La banalisation de l&rsquo;anesth\u00e9sie<\/strong><\/h3><p>Toute intervention chirurgicale implique une anesth\u00e9sie, donc une consultation pr\u00e9-anesth\u00e9sique obligatoire et une \u00e9valuation du risque. Ce temps ne se contourne pas, quelle que soit la dur\u00e9e de l&rsquo;acte envisag\u00e9.<\/p><h2><strong>Ce qu&rsquo;une consultation s\u00e9rieuse doit comporter<\/strong><\/h2><p>Une premi\u00e8re consultation ne se limite pas \u00e0 un examen et \u00e0 un devis. Elle suit une progression qui permet au patient de d\u00e9cider en connaissance de cause.<\/p><ol><li>Un temps d&rsquo;\u00e9coute sur la motivation r\u00e9elle : depuis quand, pourquoi maintenant, quelle g\u00eane au quotidien.<\/li><li>Un examen clinique complet de la zone concern\u00e9e et de son environnement anatomique.<\/li><li>Une explication de la technique envisag\u00e9e, de ses limites et des alternatives, y compris l&rsquo;abstention.<\/li><li>Une information explicite sur les risques, les suites, les cicatrices \u00e9ventuelles et la dur\u00e9e d&rsquo;\u00e9viction sociale.<\/li><li>La remise d&rsquo;un devis d\u00e9taill\u00e9 et d&rsquo;une fiche d&rsquo;information de la soci\u00e9t\u00e9 savante concern\u00e9e.<\/li><li>Le respect du d\u00e9lai l\u00e9gal de r\u00e9flexion, souvent compl\u00e9t\u00e9 par une seconde consultation avant d\u00e9cision.<\/li><\/ol><p>Un praticien peut, et parfois doit, ne pas donner suite \u00e0 une demande. Ce refus, expliqu\u00e9, constitue un acte m\u00e9dical \u00e0 part enti\u00e8re.<\/p><h2><strong>En conclusion<\/strong><\/h2><p>Que la chirurgie esth\u00e9tique se discute librement \u00e0 vingt ans constitue un progr\u00e8s. Le tabou entretenait la d\u00e9sinformation. Mais la libert\u00e9 de parole ne dispense pas du temps m\u00e9dical : celui de l&rsquo;examen, de l&rsquo;information, du doute et parfois du report.<\/p><p>Un patient jeune, bien inform\u00e9 et respect\u00e9 dans son rythme de d\u00e9cision, reste un patient satisfait dans la dur\u00e9e. Si vous vous interrogez sur une intervention, une consultation permet d&rsquo;en discuter sans engagement. Le Dr Alexandre Vairinho, chirurgien plasticien \u00e0 Paris, re\u00e7oit pour \u00e9valuer chaque demande individuellement et exposer, avec la m\u00eame pr\u00e9cision, ce qui est possible et ce qui ne l&rsquo;est pas.<\/p>\t\t\t\t\t\t\t\t<\/div>\n\t\t\t\t<\/div>\n\t\t\t\t\t<\/div>\n\t\t<\/div>\n\t\t\t\t\t<\/div>\n\t\t<\/section>\n\t\t\t\t<section class=\"elementor-section elementor-top-section elementor-element elementor-element-3855e2ac elementor-section-content-middle elementor-section-boxed elementor-section-height-default elementor-section-height-default\" data-id=\"3855e2ac\" data-element_type=\"section\" data-e-type=\"section\">\n\t\t\t\t\t\t<div class=\"elementor-container elementor-column-gap-no\">\n\t\t\t\t\t<div class=\"elementor-column elementor-col-100 elementor-top-column elementor-element elementor-element-2bc9908a\" data-id=\"2bc9908a\" data-element_type=\"column\" data-e-type=\"column\">\n\t\t\t<div class=\"elementor-widget-wrap elementor-element-populated\">\n\t\t\t\t\t\t<div class=\"elementor-element elementor-element-65af71f5 elementor-widget elementor-widget-heading\" data-id=\"65af71f5\" data-element_type=\"widget\" data-e-type=\"widget\" data-widget_type=\"heading.default\">\n\t\t\t\t<div class=\"elementor-widget-container\">\n\t\t\t\t\t<h2 class=\"elementor-heading-title elementor-size-default\">FAQ<\/h2>\t\t\t\t<\/div>\n\t\t\t\t<\/div>\n\t\t\t\t<div class=\"elementor-element elementor-element-5c7b6b69 elementor-widget elementor-widget-heading\" data-id=\"5c7b6b69\" data-element_type=\"widget\" data-e-type=\"widget\" data-widget_type=\"heading.default\">\n\t\t\t\t<div class=\"elementor-widget-container\">\n\t\t\t\t\t<h3 class=\"elementor-heading-title elementor-size-default\">Vos questions sur le lip\u0153d\u00e8me<\/h3>\t\t\t\t<\/div>\n\t\t\t\t<\/div>\n\t\t\t\t<section class=\"elementor-section elementor-inner-section elementor-element elementor-element-75d02468 elementor-section-content-middle elementor-section-boxed elementor-section-height-default elementor-section-height-default\" data-id=\"75d02468\" data-element_type=\"section\" data-e-type=\"section\">\n\t\t\t\t\t\t<div class=\"elementor-container elementor-column-gap-default\">\n\t\t\t\t\t<div class=\"elementor-column elementor-col-50 elementor-inner-column elementor-element elementor-element-7449b2e4\" data-id=\"7449b2e4\" data-element_type=\"column\" data-e-type=\"column\">\n\t\t\t<div class=\"elementor-widget-wrap elementor-element-populated\">\n\t\t\t\t\t\t<div class=\"elementor-element elementor-element-230ad7c7 elementor-widget elementor-widget-accordion\" data-id=\"230ad7c7\" data-element_type=\"widget\" data-e-type=\"widget\" data-widget_type=\"accordion.default\">\n\t\t\t\t<div class=\"elementor-widget-container\">\n\t\t\t\t\t\t\t<div class=\"elementor-accordion\">\n\t\t\t\t\t\t\t<div class=\"elementor-accordion-item\">\n\t\t\t\t\t<h4 id=\"elementor-tab-title-5871\" class=\"elementor-tab-title\" data-tab=\"1\" role=\"button\" aria-controls=\"elementor-tab-content-5871\" aria-expanded=\"false\">\n\t\t\t\t\t\t\t\t\t\t\t\t\t<span class=\"elementor-accordion-icon elementor-accordion-icon-right\" aria-hidden=\"true\">\n\t\t\t\t\t\t\t\t\t\t\t\t\t\t\t<span class=\"elementor-accordion-icon-closed\"><i class=\"far fa-arrow-alt-circle-right\"><\/i><\/span>\n\t\t\t\t\t\t\t\t<span class=\"elementor-accordion-icon-opened\"><i class=\"far fa-arrow-alt-circle-right\"><\/i><\/span>\n\t\t\t\t\t\t\t\t\t\t\t\t\t\t<\/span>\n\t\t\t\t\t\t\t\t\t\t\t\t<a class=\"elementor-accordion-title\" tabindex=\"0\">\u00c0 partir de quel \u00e2ge peut-on envisager une chirurgie esth\u00e9tique en France ?<\/a>\n\t\t\t\t\t<\/h4>\n\t\t\t\t\t<div id=\"elementor-tab-content-5871\" class=\"elementor-tab-content elementor-clearfix\" data-tab=\"1\" role=\"region\" aria-labelledby=\"elementor-tab-title-5871\"><p>Il n&rsquo;existe pas d&rsquo;\u00e2ge unique fix\u00e9 pour l&rsquo;ensemble des interventions. Chez le mineur, le consentement des deux titulaires de l&rsquo;autorit\u00e9 parentale est requis et les indications purement esth\u00e9tiques appellent une grande r\u00e9serve. Au-del\u00e0 du seuil l\u00e9gal, c&rsquo;est la maturit\u00e9 anatomique et psychologique qui guide la d\u00e9cision.<\/p><\/div>\n\t\t\t\t<\/div>\n\t\t\t\t\t\t\t\t<\/div>\n\t\t\t\t\t\t<\/div>\n\t\t\t\t<\/div>\n\t\t\t\t\t<\/div>\n\t\t<\/div>\n\t\t\t\t<div class=\"elementor-column elementor-col-50 elementor-inner-column elementor-element elementor-element-5784fb49\" data-id=\"5784fb49\" data-element_type=\"column\" data-e-type=\"column\">\n\t\t\t<div class=\"elementor-widget-wrap elementor-element-populated\">\n\t\t\t\t\t\t<div class=\"elementor-element elementor-element-76b321e elementor-widget elementor-widget-accordion\" data-id=\"76b321e\" data-element_type=\"widget\" data-e-type=\"widget\" data-widget_type=\"accordion.default\">\n\t\t\t\t<div class=\"elementor-widget-container\">\n\t\t\t\t\t\t\t<div class=\"elementor-accordion\">\n\t\t\t\t\t\t\t<div class=\"elementor-accordion-item\">\n\t\t\t\t\t<h4 id=\"elementor-tab-title-1241\" class=\"elementor-tab-title\" data-tab=\"1\" role=\"button\" aria-controls=\"elementor-tab-content-1241\" aria-expanded=\"false\">\n\t\t\t\t\t\t\t\t\t\t\t\t\t<span class=\"elementor-accordion-icon elementor-accordion-icon-right\" aria-hidden=\"true\">\n\t\t\t\t\t\t\t\t\t\t\t\t\t\t\t<span class=\"elementor-accordion-icon-closed\"><i class=\"far fa-arrow-alt-circle-right\"><\/i><\/span>\n\t\t\t\t\t\t\t\t<span class=\"elementor-accordion-icon-opened\"><i class=\"far fa-arrow-alt-circle-right\"><\/i><\/span>\n\t\t\t\t\t\t\t\t\t\t\t\t\t\t<\/span>\n\t\t\t\t\t\t\t\t\t\t\t\t<a class=\"elementor-accordion-title\" tabindex=\"0\">Peut-on se faire op\u00e9rer du nez \u00e0 18 ans ?<\/a>\n\t\t\t\t\t<\/h4>\n\t\t\t\t\t<div id=\"elementor-tab-content-1241\" class=\"elementor-tab-content elementor-clearfix\" data-tab=\"1\" role=\"region\" aria-labelledby=\"elementor-tab-title-1241\"><p>C&rsquo;est possible lorsque la croissance faciale est achev\u00e9e, ce qui est g\u00e9n\u00e9ralement le cas \u00e0 cet \u00e2ge, et lorsque la demande est stable et coh\u00e9rente. Un bilan fonctionnel respiratoire est souvent associ\u00e9. La d\u00e9cision se prend apr\u00e8s examen clinique et discussion approfondie.<\/p><\/div>\n\t\t\t\t<\/div>\n\t\t\t\t\t\t\t\t<\/div>\n\t\t\t\t\t\t<\/div>\n\t\t\t\t<\/div>\n\t\t\t\t\t<\/div>\n\t\t<\/div>\n\t\t\t\t\t<\/div>\n\t\t<\/section>\n\t\t\t\t<section class=\"elementor-section elementor-inner-section elementor-element elementor-element-78574898 elementor-section-content-middle elementor-section-boxed elementor-section-height-default elementor-section-height-default\" data-id=\"78574898\" data-element_type=\"section\" data-e-type=\"section\">\n\t\t\t\t\t\t<div class=\"elementor-container elementor-column-gap-default\">\n\t\t\t\t\t<div class=\"elementor-column elementor-col-50 elementor-inner-column elementor-element elementor-element-663ad3ab\" data-id=\"663ad3ab\" data-element_type=\"column\" data-e-type=\"column\">\n\t\t\t<div class=\"elementor-widget-wrap elementor-element-populated\">\n\t\t\t\t\t\t<div class=\"elementor-element elementor-element-4a3f5818 elementor-widget elementor-widget-accordion\" data-id=\"4a3f5818\" data-element_type=\"widget\" data-e-type=\"widget\" data-widget_type=\"accordion.default\">\n\t\t\t\t<div class=\"elementor-widget-container\">\n\t\t\t\t\t\t\t<div class=\"elementor-accordion\">\n\t\t\t\t\t\t\t<div class=\"elementor-accordion-item\">\n\t\t\t\t\t<h4 id=\"elementor-tab-title-1241\" class=\"elementor-tab-title\" data-tab=\"1\" role=\"button\" aria-controls=\"elementor-tab-content-1241\" aria-expanded=\"false\">\n\t\t\t\t\t\t\t\t\t\t\t\t\t<span class=\"elementor-accordion-icon elementor-accordion-icon-right\" aria-hidden=\"true\">\n\t\t\t\t\t\t\t\t\t\t\t\t\t\t\t<span class=\"elementor-accordion-icon-closed\"><i class=\"far fa-arrow-alt-circle-right\"><\/i><\/span>\n\t\t\t\t\t\t\t\t<span class=\"elementor-accordion-icon-opened\"><i class=\"far fa-arrow-alt-circle-right\"><\/i><\/span>\n\t\t\t\t\t\t\t\t\t\t\t\t\t\t<\/span>\n\t\t\t\t\t\t\t\t\t\t\t\t<a class=\"elementor-accordion-title\" tabindex=\"0\">Les filtres influencent-ils vraiment les demandes ?<\/a>\n\t\t\t\t\t<\/h4>\n\t\t\t\t\t<div id=\"elementor-tab-content-1241\" class=\"elementor-tab-content elementor-clearfix\" data-tab=\"1\" role=\"region\" aria-labelledby=\"elementor-tab-title-1241\"><p>L&rsquo;influence est d\u00e9crite dans la litt\u00e9rature m\u00e9dicale internationale et observ\u00e9e en consultation. Le point de comparaison devient une version modifi\u00e9e de soi-m\u00eame, ce qui rend l&rsquo;objectif difficile \u00e0 atteindre chirurgicalement. Ce sujet m\u00e9rite d&rsquo;\u00eatre abord\u00e9 d\u00e8s la premi\u00e8re consultation.<\/p><\/div>\n\t\t\t\t<\/div>\n\t\t\t\t\t\t\t\t<\/div>\n\t\t\t\t\t\t<\/div>\n\t\t\t\t<\/div>\n\t\t\t\t\t<\/div>\n\t\t<\/div>\n\t\t\t\t<div class=\"elementor-column elementor-col-50 elementor-inner-column elementor-element elementor-element-58d2a848\" data-id=\"58d2a848\" data-element_type=\"column\" data-e-type=\"column\">\n\t\t\t<div class=\"elementor-widget-wrap elementor-element-populated\">\n\t\t\t\t\t\t<div class=\"elementor-element elementor-element-2a02167a elementor-widget elementor-widget-accordion\" data-id=\"2a02167a\" data-element_type=\"widget\" data-e-type=\"widget\" data-widget_type=\"accordion.default\">\n\t\t\t\t<div class=\"elementor-widget-container\">\n\t\t\t\t\t\t\t<div class=\"elementor-accordion\">\n\t\t\t\t\t\t\t<div class=\"elementor-accordion-item\">\n\t\t\t\t\t<h4 id=\"elementor-tab-title-7041\" class=\"elementor-tab-title\" data-tab=\"1\" role=\"button\" aria-controls=\"elementor-tab-content-7041\" aria-expanded=\"false\">\n\t\t\t\t\t\t\t\t\t\t\t\t\t<span class=\"elementor-accordion-icon elementor-accordion-icon-right\" aria-hidden=\"true\">\n\t\t\t\t\t\t\t\t\t\t\t\t\t\t\t<span class=\"elementor-accordion-icon-closed\"><i class=\"far fa-arrow-alt-circle-right\"><\/i><\/span>\n\t\t\t\t\t\t\t\t<span class=\"elementor-accordion-icon-opened\"><i class=\"far fa-arrow-alt-circle-right\"><\/i><\/span>\n\t\t\t\t\t\t\t\t\t\t\t\t\t\t<\/span>\n\t\t\t\t\t\t\t\t\t\t\t\t<a class=\"elementor-accordion-title\" tabindex=\"0\">Pourquoi un chirurgien refuse-t-il parfois d'op\u00e9rer ?<\/a>\n\t\t\t\t\t<\/h4>\n\t\t\t\t\t<div id=\"elementor-tab-content-7041\" class=\"elementor-tab-content elementor-clearfix\" data-tab=\"1\" role=\"region\" aria-labelledby=\"elementor-tab-title-7041\"><p>Parce que l&rsquo;indication n&rsquo;est pas retenue, que la demande semble instable, que le r\u00e9sultat attendu n&rsquo;est pas r\u00e9alisable, ou qu&rsquo;une prise en charge d&rsquo;un autre ordre para\u00eet plus adapt\u00e9e. Ce refus fait partie des obligations d\u00e9ontologiques du m\u00e9decin.<\/p><\/div>\n\t\t\t\t<\/div>\n\t\t\t\t\t\t\t\t<\/div>\n\t\t\t\t\t\t<\/div>\n\t\t\t\t<\/div>\n\t\t\t\t\t<\/div>\n\t\t<\/div>\n\t\t\t\t\t<\/div>\n\t\t<\/section>\n\t\t\t\t<section class=\"elementor-section elementor-inner-section elementor-element elementor-element-08fc02a elementor-section-content-middle elementor-section-boxed elementor-section-height-default elementor-section-height-default\" data-id=\"08fc02a\" data-element_type=\"section\" data-e-type=\"section\">\n\t\t\t\t\t\t<div class=\"elementor-container elementor-column-gap-default\">\n\t\t\t\t\t<div class=\"elementor-column elementor-col-50 elementor-inner-column elementor-element elementor-element-5794587\" data-id=\"5794587\" data-element_type=\"column\" data-e-type=\"column\">\n\t\t\t<div class=\"elementor-widget-wrap elementor-element-populated\">\n\t\t\t\t\t\t<div class=\"elementor-element elementor-element-968d1e5 elementor-widget elementor-widget-accordion\" data-id=\"968d1e5\" data-element_type=\"widget\" data-e-type=\"widget\" data-widget_type=\"accordion.default\">\n\t\t\t\t<div class=\"elementor-widget-container\">\n\t\t\t\t\t\t\t<div class=\"elementor-accordion\">\n\t\t\t\t\t\t\t<div class=\"elementor-accordion-item\">\n\t\t\t\t\t<h4 id=\"elementor-tab-title-1571\" class=\"elementor-tab-title\" data-tab=\"1\" role=\"button\" aria-controls=\"elementor-tab-content-1571\" aria-expanded=\"false\">\n\t\t\t\t\t\t\t\t\t\t\t\t\t<span class=\"elementor-accordion-icon elementor-accordion-icon-right\" aria-hidden=\"true\">\n\t\t\t\t\t\t\t\t\t\t\t\t\t\t\t<span class=\"elementor-accordion-icon-closed\"><i class=\"far fa-arrow-alt-circle-right\"><\/i><\/span>\n\t\t\t\t\t\t\t\t<span class=\"elementor-accordion-icon-opened\"><i class=\"far fa-arrow-alt-circle-right\"><\/i><\/span>\n\t\t\t\t\t\t\t\t\t\t\t\t\t\t<\/span>\n\t\t\t\t\t\t\t\t\t\t\t\t<a class=\"elementor-accordion-title\" tabindex=\"0\">Se faire op\u00e9rer \u00e0 l'\u00e9tranger est-il vraiment risqu\u00e9 ?<\/a>\n\t\t\t\t\t<\/h4>\n\t\t\t\t\t<div id=\"elementor-tab-content-1571\" class=\"elementor-tab-content elementor-clearfix\" data-tab=\"1\" role=\"region\" aria-labelledby=\"elementor-tab-title-1571\"><p>Le niveau des praticiens varie fortement selon les structures et les pays. La difficult\u00e9 principale tient au suivi : absence de consultation post-op\u00e9ratoire de proximit\u00e9, complications g\u00e9r\u00e9es \u00e0 distance, et recours limit\u00e9s en cas de litige. Ces \u00e9l\u00e9ments doivent \u00eatre pes\u00e9s avant toute d\u00e9cision.<\/p><\/div>\n\t\t\t\t<\/div>\n\t\t\t\t\t\t\t\t<\/div>\n\t\t\t\t\t\t<\/div>\n\t\t\t\t<\/div>\n\t\t\t\t\t<\/div>\n\t\t<\/div>\n\t\t\t\t<div class=\"elementor-column elementor-col-50 elementor-inner-column elementor-element elementor-element-3a9ee80\" data-id=\"3a9ee80\" data-element_type=\"column\" data-e-type=\"column\">\n\t\t\t<div class=\"elementor-widget-wrap elementor-element-populated\">\n\t\t\t\t\t\t<div class=\"elementor-element elementor-element-731e7f6 elementor-widget elementor-widget-accordion\" data-id=\"731e7f6\" data-element_type=\"widget\" data-e-type=\"widget\" data-widget_type=\"accordion.default\">\n\t\t\t\t<div class=\"elementor-widget-container\">\n\t\t\t\t\t\t\t<div class=\"elementor-accordion\">\n\t\t\t\t\t\t\t<div class=\"elementor-accordion-item\">\n\t\t\t\t\t<h4 id=\"elementor-tab-title-1201\" class=\"elementor-tab-title\" data-tab=\"1\" role=\"button\" aria-controls=\"elementor-tab-content-1201\" aria-expanded=\"false\">\n\t\t\t\t\t\t\t\t\t\t\t\t\t<span class=\"elementor-accordion-icon elementor-accordion-icon-right\" aria-hidden=\"true\">\n\t\t\t\t\t\t\t\t\t\t\t\t\t\t\t<span class=\"elementor-accordion-icon-closed\"><i class=\"far fa-arrow-alt-circle-right\"><\/i><\/span>\n\t\t\t\t\t\t\t\t<span class=\"elementor-accordion-icon-opened\"><i class=\"far fa-arrow-alt-circle-right\"><\/i><\/span>\n\t\t\t\t\t\t\t\t\t\t\t\t\t\t<\/span>\n\t\t\t\t\t\t\t\t\t\t\t\t<a class=\"elementor-accordion-title\" tabindex=\"0\">La chirurgie esth\u00e9tique am\u00e9liore-t-elle la confiance en soi ?<\/a>\n\t\t\t\t\t<\/h4>\n\t\t\t\t\t<div id=\"elementor-tab-content-1201\" class=\"elementor-tab-content elementor-clearfix\" data-tab=\"1\" role=\"region\" aria-labelledby=\"elementor-tab-title-1201\"><p>Certains patients d\u00e9crivent un mieux-\u00eatre apr\u00e8s une intervention correspondant \u00e0 une g\u00eane ancienne et bien identifi\u00e9e. La chirurgie ne traite cependant pas une souffrance psychologique globale et aucun b\u00e9n\u00e9fice de cette nature ne peut \u00eatre promis avant une \u00e9valuation individuelle.<\/p><\/div>\n\t\t\t\t<\/div>\n\t\t\t\t\t\t\t\t<\/div>\n\t\t\t\t\t\t<\/div>\n\t\t\t\t<\/div>\n\t\t\t\t\t<\/div>\n\t\t<\/div>\n\t\t\t\t\t<\/div>\n\t\t<\/section>\n\t\t\t\t\t<\/div>\n\t\t<\/div>\n\t\t\t\t\t<\/div>\n\t\t<\/section>\n\t\t\t\t<section class=\"elementor-section elementor-top-section elementor-element elementor-element-72bf212 elementor-section-boxed elementor-section-height-default elementor-section-height-default\" data-id=\"72bf212\" data-element_type=\"section\" data-e-type=\"section\">\n\t\t\t\t\t\t<div class=\"elementor-container elementor-column-gap-default\">\n\t\t\t\t\t<div class=\"elementor-column elementor-col-100 elementor-top-column elementor-element elementor-element-be057ab\" data-id=\"be057ab\" data-element_type=\"column\" data-e-type=\"column\">\n\t\t\t<div class=\"elementor-widget-wrap elementor-element-populated\">\n\t\t\t\t\t\t<div class=\"elementor-element elementor-element-da624dd elementor-widget elementor-widget-heading\" data-id=\"da624dd\" data-element_type=\"widget\" data-e-type=\"widget\" data-widget_type=\"heading.default\">\n\t\t\t\t<div class=\"elementor-widget-container\">\n\t\t\t\t\t<p class=\"elementor-heading-title elementor-size-default\">Cet article a une vocation strictement informative et ne saurait se substituer \u00e0 une consultation m\u00e9dicale. Toute intervention de chirurgie esth\u00e9tique n\u00e9cessite une consultation pr\u00e9alable avec un chirurgien plasticien qualifi\u00e9, ainsi qu'un d\u00e9lai de r\u00e9flexion r\u00e9glementaire. Les r\u00e9sultats varient selon chaque patient et aucun r\u00e9sultat ne peut \u00eatre garanti.<\/p>\t\t\t\t<\/div>\n\t\t\t\t<\/div>\n\t\t\t\t\t<\/div>\n\t\t<\/div>\n\t\t\t\t\t<\/div>\n\t\t<\/section>\n\t\t\t\t<\/div>","protected":false},"excerpt":{"rendered":"<p>Les 18-27 ans consultent aujourd&rsquo;hui plus t\u00f4t et parlent de chirurgie esth\u00e9tique sans tabou. <\/p>","protected":false},"author":2,"featured_media":9132,"comment_status":"closed","ping_status":"closed","sticky":false,"template":"","format":"standard","meta":{"_monsterinsights_skip_tracking":false,"ocean_front_end_style_editor":"no","ocean_post_layout":"","ocean_both_sidebars_style":"","ocean_both_sidebars_content_width":0,"ocean_both_sidebars_sidebars_width":0,"ocean_sidebar":"0","ocean_second_sidebar":"0","ocean_disable_margins":"enable","ocean_add_body_class":"","ocean_shortcode_before_top_bar":"","ocean_shortcode_after_top_bar":"","ocean_shortcode_before_header":"","ocean_shortcode_after_header":"","ocean_has_shortcode":"","ocean_shortcode_after_title":"","ocean_shortcode_before_footer_widgets":"","ocean_shortcode_after_footer_widgets":"","ocean_shortcode_before_footer_bottom":"","ocean_shortcode_after_footer_bottom":"","ocean_display_top_bar":"default","ocean_display_header":"default","ocean_header_style":"","ocean_center_header_left_menu":"0","ocean_custom_header_template":"0","ocean_custom_logo":0,"ocean_custom_retina_logo":0,"ocean_custom_logo_max_width":0,"ocean_custom_logo_tablet_max_width":0,"ocean_custom_logo_mobile_max_width":0,"ocean_custom_logo_max_height":0,"ocean_custom_logo_tablet_max_height":0,"ocean_custom_logo_mobile_max_height":0,"ocean_header_custom_menu":"0","ocean_menu_typo_font_family":"0","ocean_menu_typo_font_subset":"","ocean_menu_typo_font_size":0,"ocean_menu_typo_font_size_tablet":0,"ocean_menu_typo_font_size_mobile":0,"ocean_menu_typo_font_size_unit":"px","ocean_menu_typo_font_weight":"","ocean_menu_typo_font_weight_tablet":"","ocean_menu_typo_font_weight_mobile":"","ocean_menu_typo_transform":"","ocean_menu_typo_transform_tablet":"","ocean_menu_typo_transform_mobile":"","ocean_menu_typo_line_height":0,"ocean_menu_typo_line_height_tablet":0,"ocean_menu_typo_line_height_mobile":0,"ocean_menu_typo_line_height_unit":"","ocean_menu_typo_spacing":0,"ocean_menu_typo_spacing_tablet":0,"ocean_menu_typo_spacing_mobile":0,"ocean_menu_typo_spacing_unit":"","ocean_menu_link_color":"","ocean_menu_link_color_hover":"","ocean_menu_link_color_active":"","ocean_menu_link_background":"","ocean_menu_link_hover_background":"","ocean_menu_link_active_background":"","ocean_menu_social_links_bg":"","ocean_menu_social_hover_links_bg":"","ocean_menu_social_links_color":"","ocean_menu_social_hover_links_color":"","ocean_disable_title":"default","ocean_disable_heading":"default","ocean_post_title":"","ocean_post_subheading":"","ocean_post_title_style":"","ocean_post_title_background_color":"","ocean_post_title_background":0,"ocean_post_title_bg_image_position":"","ocean_post_title_bg_image_attachment":"","ocean_post_title_bg_image_repeat":"","ocean_post_title_bg_image_size":"","ocean_post_title_height":0,"ocean_post_title_bg_overlay":0.5,"ocean_post_title_bg_overlay_color":"","ocean_disable_breadcrumbs":"default","ocean_breadcrumbs_color":"","ocean_breadcrumbs_separator_color":"","ocean_breadcrumbs_links_color":"","ocean_breadcrumbs_links_hover_color":"","ocean_display_footer_widgets":"default","ocean_display_footer_bottom":"default","ocean_custom_footer_template":"0","_jetpack_newsletter_access":"","_jetpack_dont_email_post_to_subs":false,"_jetpack_newsletter_tier_id":0,"_jetpack_memberships_contains_paywalled_content":false,"_jetpack_feature_clip_id":0,"_jetpack_memberships_contains_paid_content":false,"ocean_post_oembed":"","ocean_post_self_hosted_media":"","ocean_post_video_embed":"","ocean_link_format":"","ocean_link_format_target":"self","ocean_quote_format":"","ocean_quote_format_link":"post","ocean_gallery_link_images":"off","ocean_gallery_id":[],"footnotes":"","jetpack_post_was_ever_published":false},"categories":[33],"tags":[],"class_list":["post-9131","post","type-post","status-publish","format-standard","has-post-thumbnail","hentry","category-silhouette-poitrine","entry","has-media"],"yoast_head":"<!-- This site is optimized with the Yoast SEO plugin v28.3 - https:\/\/yoast.com\/product\/yoast-seo-wordpress\/ -->\n<title>Gen Z et chirurgie esth\u00e9tique : ce qu&#039;il faut savoir | Dr Vairinho<\/title>\n<meta name=\"description\" content=\"\u00c2ge, cadre l\u00e9gal, influence des filtres, d\u00e9rives \u00e0 \u00e9viter : le regard d&#039;un chirurgien plasticien parisien sur les demandes des 18-27 ans.\" \/>\n<meta name=\"robots\" content=\"index, follow, max-snippet:-1, max-image-preview:large, max-video-preview:-1\" \/>\n<link rel=\"canonical\" href=\"https:\/\/docteurvairinho.fr\/en\/gen-z-chirurgie-esthetique\/\" \/>\n<meta property=\"og:locale\" content=\"en_US\" \/>\n<meta property=\"og:type\" content=\"article\" \/>\n<meta property=\"og:title\" content=\"Gen Z et chirurgie esth\u00e9tique : ce qu&#039;il faut savoir | Dr Vairinho\" \/>\n<meta property=\"og:description\" content=\"\u00c2ge, cadre l\u00e9gal, influence des filtres, d\u00e9rives \u00e0 \u00e9viter : le regard d&#039;un chirurgien plasticien parisien sur les demandes des 18-27 ans.\" \/>\n<meta property=\"og:url\" content=\"https:\/\/docteurvairinho.fr\/en\/gen-z-chirurgie-esthetique\/\" \/>\n<meta property=\"og:site_name\" content=\"Chirurgie plastique et esth\u00e9tique, m\u00e9decine esth\u00e9tique\" \/>\n<meta property=\"article:published_time\" content=\"2026-08-26T12:54:46+00:00\" \/>\n<meta property=\"article:modified_time\" content=\"2026-08-26T13:11:28+00:00\" \/>\n<meta property=\"og:image\" content=\"https:\/\/docteurvairinho.fr\/wp-content\/uploads\/2026\/08\/192308c6-5f12-4328-b93a-80eb193c2607-2.png\" \/>\n\t<meta property=\"og:image:width\" content=\"1536\" \/>\n\t<meta property=\"og:image:height\" content=\"1024\" \/>\n\t<meta property=\"og:image:type\" content=\"image\/png\" \/>\n<meta name=\"author\" content=\"Julie Vairinho\" \/>\n<meta name=\"twitter:card\" content=\"summary_large_image\" \/>\n<meta name=\"twitter:label1\" content=\"Written by\" \/>\n\t<meta name=\"twitter:data1\" content=\"Julie Vairinho\" \/>\n\t<meta name=\"twitter:label2\" content=\"Est. reading time\" \/>\n\t<meta name=\"twitter:data2\" content=\"8 minutes\" \/>\n<script type=\"application\/ld+json\" class=\"yoast-schema-graph\">{\"@context\":\"https:\\\/\\\/schema.org\",\"@graph\":[{\"@type\":\"Article\",\"@id\":\"https:\\\/\\\/docteurvairinho.fr\\\/gen-z-chirurgie-esthetique\\\/#article\",\"isPartOf\":{\"@id\":\"https:\\\/\\\/docteurvairinho.fr\\\/gen-z-chirurgie-esthetique\\\/\"},\"author\":{\"name\":\"Julie Vairinho\",\"@id\":\"https:\\\/\\\/docteurvairinho.fr\\\/#\\\/schema\\\/person\\\/4764bcd838f388edee6c8a840c33f28c\"},\"headline\":\"La g\u00e9n\u00e9ration Z et la chirurgie esth\u00e9tique : une relation d\u00e9complex\u00e9e mais pas sans risques\",\"datePublished\":\"2026-08-26T12:54:46+00:00\",\"dateModified\":\"2026-08-26T13:11:28+00:00\",\"mainEntityOfPage\":{\"@id\":\"https:\\\/\\\/docteurvairinho.fr\\\/gen-z-chirurgie-esthetique\\\/\"},\"wordCount\":1755,\"publisher\":{\"@id\":\"https:\\\/\\\/docteurvairinho.fr\\\/#organization\"},\"image\":{\"@id\":\"https:\\\/\\\/docteurvairinho.fr\\\/gen-z-chirurgie-esthetique\\\/#primaryimage\"},\"thumbnailUrl\":\"https:\\\/\\\/i0.wp.com\\\/docteurvairinho.fr\\\/wp-content\\\/uploads\\\/2026\\\/08\\\/192308c6-5f12-4328-b93a-80eb193c2607-2.png?fit=1536%2C1024&ssl=1\",\"articleSection\":[\"Silhouette &amp; poitrine\"],\"inLanguage\":\"en-US\"},{\"@type\":\"WebPage\",\"@id\":\"https:\\\/\\\/docteurvairinho.fr\\\/gen-z-chirurgie-esthetique\\\/\",\"url\":\"https:\\\/\\\/docteurvairinho.fr\\\/gen-z-chirurgie-esthetique\\\/\",\"name\":\"Gen Z et chirurgie esth\u00e9tique : ce qu'il faut savoir | Dr Vairinho\",\"isPartOf\":{\"@id\":\"https:\\\/\\\/docteurvairinho.fr\\\/#website\"},\"primaryImageOfPage\":{\"@id\":\"https:\\\/\\\/docteurvairinho.fr\\\/gen-z-chirurgie-esthetique\\\/#primaryimage\"},\"image\":{\"@id\":\"https:\\\/\\\/docteurvairinho.fr\\\/gen-z-chirurgie-esthetique\\\/#primaryimage\"},\"thumbnailUrl\":\"https:\\\/\\\/i0.wp.com\\\/docteurvairinho.fr\\\/wp-content\\\/uploads\\\/2026\\\/08\\\/192308c6-5f12-4328-b93a-80eb193c2607-2.png?fit=1536%2C1024&ssl=1\",\"datePublished\":\"2026-08-26T12:54:46+00:00\",\"dateModified\":\"2026-08-26T13:11:28+00:00\",\"description\":\"\u00c2ge, cadre l\u00e9gal, influence des filtres, d\u00e9rives \u00e0 \u00e9viter : le regard d'un chirurgien plasticien parisien sur les demandes des 18-27 ans.\",\"breadcrumb\":{\"@id\":\"https:\\\/\\\/docteurvairinho.fr\\\/gen-z-chirurgie-esthetique\\\/#breadcrumb\"},\"inLanguage\":\"en-US\",\"potentialAction\":[{\"@type\":\"ReadAction\",\"target\":[\"https:\\\/\\\/docteurvairinho.fr\\\/gen-z-chirurgie-esthetique\\\/\"]}]},{\"@type\":\"ImageObject\",\"inLanguage\":\"en-US\",\"@id\":\"https:\\\/\\\/docteurvairinho.fr\\\/gen-z-chirurgie-esthetique\\\/#primaryimage\",\"url\":\"https:\\\/\\\/i0.wp.com\\\/docteurvairinho.fr\\\/wp-content\\\/uploads\\\/2026\\\/08\\\/192308c6-5f12-4328-b93a-80eb193c2607-2.png?fit=1536%2C1024&ssl=1\",\"contentUrl\":\"https:\\\/\\\/i0.wp.com\\\/docteurvairinho.fr\\\/wp-content\\\/uploads\\\/2026\\\/08\\\/192308c6-5f12-4328-b93a-80eb193c2607-2.png?fit=1536%2C1024&ssl=1\",\"width\":1536,\"height\":1024},{\"@type\":\"BreadcrumbList\",\"@id\":\"https:\\\/\\\/docteurvairinho.fr\\\/gen-z-chirurgie-esthetique\\\/#breadcrumb\",\"itemListElement\":[{\"@type\":\"ListItem\",\"position\":1,\"name\":\"Accueil\",\"item\":\"https:\\\/\\\/docteurvairinho.fr\\\/\"},{\"@type\":\"ListItem\",\"position\":2,\"name\":\"La g\u00e9n\u00e9ration Z et la chirurgie esth\u00e9tique : une relation d\u00e9complex\u00e9e mais pas sans risques\"}]},{\"@type\":\"WebSite\",\"@id\":\"https:\\\/\\\/docteurvairinho.fr\\\/#website\",\"url\":\"https:\\\/\\\/docteurvairinho.fr\\\/\",\"name\":\"Chirurgie plastique et esth\u00e9tique, m\u00e9decine esth\u00e9tique\",\"description\":\"Chirurgie plastique et esth\u00e9tique, m\u00e9decine esth\u00e9tique\",\"publisher\":{\"@id\":\"https:\\\/\\\/docteurvairinho.fr\\\/#organization\"},\"potentialAction\":[{\"@type\":\"SearchAction\",\"target\":{\"@type\":\"EntryPoint\",\"urlTemplate\":\"https:\\\/\\\/docteurvairinho.fr\\\/?s={search_term_string}\"},\"query-input\":{\"@type\":\"PropertyValueSpecification\",\"valueRequired\":true,\"valueName\":\"search_term_string\"}}],\"inLanguage\":\"en-US\"},{\"@type\":\"Organization\",\"@id\":\"https:\\\/\\\/docteurvairinho.fr\\\/#organization\",\"name\":\"Docteur Vairinho\",\"url\":\"https:\\\/\\\/docteurvairinho.fr\\\/\",\"logo\":{\"@type\":\"ImageObject\",\"inLanguage\":\"en-US\",\"@id\":\"https:\\\/\\\/docteurvairinho.fr\\\/#\\\/schema\\\/logo\\\/image\\\/\",\"url\":\"https:\\\/\\\/i0.wp.com\\\/docteurvairinho.fr\\\/wp-content\\\/uploads\\\/2022\\\/06\\\/docteur-vairinho-chirurgien-esthetique-medecine-esthetique-paris-3-9.gif?fit=200%2C200&ssl=1\",\"contentUrl\":\"https:\\\/\\\/i0.wp.com\\\/docteurvairinho.fr\\\/wp-content\\\/uploads\\\/2022\\\/06\\\/docteur-vairinho-chirurgien-esthetique-medecine-esthetique-paris-3-9.gif?fit=200%2C200&ssl=1\",\"width\":200,\"height\":200,\"caption\":\"Docteur Vairinho\"},\"image\":{\"@id\":\"https:\\\/\\\/docteurvairinho.fr\\\/#\\\/schema\\\/logo\\\/image\\\/\"}},{\"@type\":\"Person\",\"@id\":\"https:\\\/\\\/docteurvairinho.fr\\\/#\\\/schema\\\/person\\\/4764bcd838f388edee6c8a840c33f28c\",\"name\":\"Julie Vairinho\",\"image\":{\"@type\":\"ImageObject\",\"inLanguage\":\"en-US\",\"@id\":\"https:\\\/\\\/secure.gravatar.com\\\/avatar\\\/23f24e4481569fe130cd593761710a676ae41adf7367e37dc4a5232e3e3bbd26?s=96&d=mm&r=g\",\"url\":\"https:\\\/\\\/secure.gravatar.com\\\/avatar\\\/23f24e4481569fe130cd593761710a676ae41adf7367e37dc4a5232e3e3bbd26?s=96&d=mm&r=g\",\"contentUrl\":\"https:\\\/\\\/secure.gravatar.com\\\/avatar\\\/23f24e4481569fe130cd593761710a676ae41adf7367e37dc4a5232e3e3bbd26?s=96&d=mm&r=g\",\"caption\":\"Julie Vairinho\"}}]}<\/script>\n<!-- \/ Yoast SEO plugin. -->","yoast_head_json":{"title":"Gen Z et chirurgie esth\u00e9tique : ce qu'il faut savoir | Dr Vairinho","description":"\u00c2ge, cadre l\u00e9gal, influence des filtres, d\u00e9rives \u00e0 \u00e9viter : le regard d'un chirurgien plasticien parisien sur les demandes des 18-27 ans.","robots":{"index":"index","follow":"follow","max-snippet":"max-snippet:-1","max-image-preview":"max-image-preview:large","max-video-preview":"max-video-preview:-1"},"canonical":"https:\/\/docteurvairinho.fr\/en\/gen-z-chirurgie-esthetique\/","og_locale":"en_US","og_type":"article","og_title":"Gen Z et chirurgie esth\u00e9tique : ce qu'il faut savoir | Dr Vairinho","og_description":"\u00c2ge, cadre l\u00e9gal, influence des filtres, d\u00e9rives \u00e0 \u00e9viter : le regard d'un chirurgien plasticien parisien sur les demandes des 18-27 ans.","og_url":"https:\/\/docteurvairinho.fr\/en\/gen-z-chirurgie-esthetique\/","og_site_name":"Chirurgie plastique et esth\u00e9tique, m\u00e9decine esth\u00e9tique","article_published_time":"2026-08-26T12:54:46+00:00","article_modified_time":"2026-08-26T13:11:28+00:00","og_image":[{"width":1536,"height":1024,"url":"https:\/\/docteurvairinho.fr\/wp-content\/uploads\/2026\/08\/192308c6-5f12-4328-b93a-80eb193c2607-2.png","type":"image\/png"}],"author":"Julie Vairinho","twitter_card":"summary_large_image","twitter_misc":{"Written by":"Julie Vairinho","Est. reading time":"8 minutes"},"schema":{"@context":"https:\/\/schema.org","@graph":[{"@type":"Article","@id":"https:\/\/docteurvairinho.fr\/gen-z-chirurgie-esthetique\/#article","isPartOf":{"@id":"https:\/\/docteurvairinho.fr\/gen-z-chirurgie-esthetique\/"},"author":{"name":"Julie Vairinho","@id":"https:\/\/docteurvairinho.fr\/#\/schema\/person\/4764bcd838f388edee6c8a840c33f28c"},"headline":"La g\u00e9n\u00e9ration Z et la chirurgie esth\u00e9tique : une relation d\u00e9complex\u00e9e mais pas sans risques","datePublished":"2026-08-26T12:54:46+00:00","dateModified":"2026-08-26T13:11:28+00:00","mainEntityOfPage":{"@id":"https:\/\/docteurvairinho.fr\/gen-z-chirurgie-esthetique\/"},"wordCount":1755,"publisher":{"@id":"https:\/\/docteurvairinho.fr\/#organization"},"image":{"@id":"https:\/\/docteurvairinho.fr\/gen-z-chirurgie-esthetique\/#primaryimage"},"thumbnailUrl":"https:\/\/i0.wp.com\/docteurvairinho.fr\/wp-content\/uploads\/2026\/08\/192308c6-5f12-4328-b93a-80eb193c2607-2.png?fit=1536%2C1024&ssl=1","articleSection":["Silhouette &amp; poitrine"],"inLanguage":"en-US"},{"@type":"WebPage","@id":"https:\/\/docteurvairinho.fr\/gen-z-chirurgie-esthetique\/","url":"https:\/\/docteurvairinho.fr\/gen-z-chirurgie-esthetique\/","name":"Gen Z et chirurgie esth\u00e9tique : ce qu'il faut savoir | Dr Vairinho","isPartOf":{"@id":"https:\/\/docteurvairinho.fr\/#website"},"primaryImageOfPage":{"@id":"https:\/\/docteurvairinho.fr\/gen-z-chirurgie-esthetique\/#primaryimage"},"image":{"@id":"https:\/\/docteurvairinho.fr\/gen-z-chirurgie-esthetique\/#primaryimage"},"thumbnailUrl":"https:\/\/i0.wp.com\/docteurvairinho.fr\/wp-content\/uploads\/2026\/08\/192308c6-5f12-4328-b93a-80eb193c2607-2.png?fit=1536%2C1024&ssl=1","datePublished":"2026-08-26T12:54:46+00:00","dateModified":"2026-08-26T13:11:28+00:00","description":"\u00c2ge, cadre l\u00e9gal, influence des filtres, d\u00e9rives \u00e0 \u00e9viter : le regard d'un chirurgien plasticien parisien sur les demandes des 18-27 ans.","breadcrumb":{"@id":"https:\/\/docteurvairinho.fr\/gen-z-chirurgie-esthetique\/#breadcrumb"},"inLanguage":"en-US","potentialAction":[{"@type":"ReadAction","target":["https:\/\/docteurvairinho.fr\/gen-z-chirurgie-esthetique\/"]}]},{"@type":"ImageObject","inLanguage":"en-US","@id":"https:\/\/docteurvairinho.fr\/gen-z-chirurgie-esthetique\/#primaryimage","url":"https:\/\/i0.wp.com\/docteurvairinho.fr\/wp-content\/uploads\/2026\/08\/192308c6-5f12-4328-b93a-80eb193c2607-2.png?fit=1536%2C1024&ssl=1","contentUrl":"https:\/\/i0.wp.com\/docteurvairinho.fr\/wp-content\/uploads\/2026\/08\/192308c6-5f12-4328-b93a-80eb193c2607-2.png?fit=1536%2C1024&ssl=1","width":1536,"height":1024},{"@type":"BreadcrumbList","@id":"https:\/\/docteurvairinho.fr\/gen-z-chirurgie-esthetique\/#breadcrumb","itemListElement":[{"@type":"ListItem","position":1,"name":"Accueil","item":"https:\/\/docteurvairinho.fr\/"},{"@type":"ListItem","position":2,"name":"La g\u00e9n\u00e9ration Z et la chirurgie esth\u00e9tique : une relation d\u00e9complex\u00e9e mais pas sans risques"}]},{"@type":"WebSite","@id":"https:\/\/docteurvairinho.fr\/#website","url":"https:\/\/docteurvairinho.fr\/","name":"Chirurgie plastique et esth\u00e9tique, m\u00e9decine esth\u00e9tique","description":"Chirurgie plastique et esth\u00e9tique, m\u00e9decine esth\u00e9tique","publisher":{"@id":"https:\/\/docteurvairinho.fr\/#organization"},"potentialAction":[{"@type":"SearchAction","target":{"@type":"EntryPoint","urlTemplate":"https:\/\/docteurvairinho.fr\/?s={search_term_string}"},"query-input":{"@type":"PropertyValueSpecification","valueRequired":true,"valueName":"search_term_string"}}],"inLanguage":"en-US"},{"@type":"Organization","@id":"https:\/\/docteurvairinho.fr\/#organization","name":"Docteur Vairinho","url":"https:\/\/docteurvairinho.fr\/","logo":{"@type":"ImageObject","inLanguage":"en-US","@id":"https:\/\/docteurvairinho.fr\/#\/schema\/logo\/image\/","url":"https:\/\/i0.wp.com\/docteurvairinho.fr\/wp-content\/uploads\/2022\/06\/docteur-vairinho-chirurgien-esthetique-medecine-esthetique-paris-3-9.gif?fit=200%2C200&ssl=1","contentUrl":"https:\/\/i0.wp.com\/docteurvairinho.fr\/wp-content\/uploads\/2022\/06\/docteur-vairinho-chirurgien-esthetique-medecine-esthetique-paris-3-9.gif?fit=200%2C200&ssl=1","width":200,"height":200,"caption":"Docteur Vairinho"},"image":{"@id":"https:\/\/docteurvairinho.fr\/#\/schema\/logo\/image\/"}},{"@type":"Person","@id":"https:\/\/docteurvairinho.fr\/#\/schema\/person\/4764bcd838f388edee6c8a840c33f28c","name":"Julie Vairinho","image":{"@type":"ImageObject","inLanguage":"en-US","@id":"https:\/\/secure.gravatar.com\/avatar\/23f24e4481569fe130cd593761710a676ae41adf7367e37dc4a5232e3e3bbd26?s=96&d=mm&r=g","url":"https:\/\/secure.gravatar.com\/avatar\/23f24e4481569fe130cd593761710a676ae41adf7367e37dc4a5232e3e3bbd26?s=96&d=mm&r=g","contentUrl":"https:\/\/secure.gravatar.com\/avatar\/23f24e4481569fe130cd593761710a676ae41adf7367e37dc4a5232e3e3bbd26?s=96&d=mm&r=g","caption":"Julie Vairinho"}}]}},"jetpack_sharing_enabled":true,"jetpack_featured_media_url":"https:\/\/i0.wp.com\/docteurvairinho.fr\/wp-content\/uploads\/2026\/08\/192308c6-5f12-4328-b93a-80eb193c2607-2.png?fit=1536%2C1024&ssl=1","_links":{"self":[{"href":"https:\/\/docteurvairinho.fr\/en\/wp-json\/wp\/v2\/posts\/9131","targetHints":{"allow":["GET"]}}],"collection":[{"href":"https:\/\/docteurvairinho.fr\/en\/wp-json\/wp\/v2\/posts"}],"about":[{"href":"https:\/\/docteurvairinho.fr\/en\/wp-json\/wp\/v2\/types\/post"}],"author":[{"embeddable":true,"href":"https:\/\/docteurvairinho.fr\/en\/wp-json\/wp\/v2\/users\/2"}],"replies":[{"embeddable":true,"href":"https:\/\/docteurvairinho.fr\/en\/wp-json\/wp\/v2\/comments?post=9131"}],"version-history":[{"count":4,"href":"https:\/\/docteurvairinho.fr\/en\/wp-json\/wp\/v2\/posts\/9131\/revisions"}],"predecessor-version":[{"id":9137,"href":"https:\/\/docteurvairinho.fr\/en\/wp-json\/wp\/v2\/posts\/9131\/revisions\/9137"}],"wp:featuredmedia":[{"embeddable":true,"href":"https:\/\/docteurvairinho.fr\/en\/wp-json\/wp\/v2\/media\/9132"}],"wp:attachment":[{"href":"https:\/\/docteurvairinho.fr\/en\/wp-json\/wp\/v2\/media?parent=9131"}],"wp:term":[{"taxonomy":"category","embeddable":true,"href":"https:\/\/docteurvairinho.fr\/en\/wp-json\/wp\/v2\/categories?post=9131"},{"taxonomy":"post_tag","embeddable":true,"href":"https:\/\/docteurvairinho.fr\/en\/wp-json\/wp\/v2\/tags?post=9131"}],"curies":[{"name":"wp","href":"https:\/\/api.w.org\/{rel}","templated":true}]}}